{"id":627,"date":"2021-07-29T10:29:40","date_gmt":"2021-07-29T13:29:40","guid":{"rendered":"http:\/\/apsv.chubut.gov.ar\/?p=627"},"modified":"2021-07-29T10:30:46","modified_gmt":"2021-07-29T13:30:46","slug":"escuelita-vial-lorenso-rossi","status":"publish","type":"post","link":"http:\/\/apsv.chubut.gov.ar\/?p=627","title":{"rendered":"Escuelita Vial &#8220;LORENZO ROSSI&#8221;"},"content":{"rendered":"<p>La Escuelita Vial &#8220;Lorenzo Rossi&#8221; de la Agencia de Seguridad Vial (APSV) esta semana se encuentra en la ciudad de Esquel, encabezando sus actividades con el <strong>Subsecretario de Seguridad Vial<\/strong> <strong>Leonardo das neves.<\/strong><\/p>\n<p><img loading=\"lazy\" decoding=\"async\" class=\"wp-image-634 size-medium alignleft\" src=\"http:\/\/apsv.chubut.gov.ar\/wp-content\/uploads\/2021\/07\/WhatsApp-Image-2021-07-28-at-19.20.212-300x225.jpeg\" alt=\"\" width=\"300\" height=\"225\" srcset=\"http:\/\/apsv.chubut.gov.ar\/wp-content\/uploads\/2021\/07\/WhatsApp-Image-2021-07-28-at-19.20.212-300x225.jpeg 300w, http:\/\/apsv.chubut.gov.ar\/wp-content\/uploads\/2021\/07\/WhatsApp-Image-2021-07-28-at-19.20.212-1024x768.jpeg 1024w, http:\/\/apsv.chubut.gov.ar\/wp-content\/uploads\/2021\/07\/WhatsApp-Image-2021-07-28-at-19.20.212-768x576.jpeg 768w, http:\/\/apsv.chubut.gov.ar\/wp-content\/uploads\/2021\/07\/WhatsApp-Image-2021-07-28-at-19.20.212-80x60.jpeg 80w, http:\/\/apsv.chubut.gov.ar\/wp-content\/uploads\/2021\/07\/WhatsApp-Image-2021-07-28-at-19.20.212.jpeg 1280w\" sizes=\"auto, (max-width: 300px) 100vw, 300px\" \/><\/p>\n<p>&nbsp;<\/p>\n<p>Roc\u00edo Esteban, de la Fundaci\u00f3n Estrellas Amarillas, destac\u00f3 la importancia de que se contin\u00fae visibilizando en la ciudad el trabajo de la escuelita que busca generar conciencia y educar desde temprana edad en materia de seguridad vial.<\/p>\n<p>&nbsp;<\/p>\n<p><img loading=\"lazy\" decoding=\"async\" class=\"size-medium wp-image-629 alignright\" src=\"http:\/\/apsv.chubut.gov.ar\/wp-content\/uploads\/2021\/07\/WhatsApp-Image-2021-07-28-at-19.20.231-135x300.jpeg\" alt=\"\" width=\"135\" height=\"300\" srcset=\"http:\/\/apsv.chubut.gov.ar\/wp-content\/uploads\/2021\/07\/WhatsApp-Image-2021-07-28-at-19.20.231-135x300.jpeg 135w, http:\/\/apsv.chubut.gov.ar\/wp-content\/uploads\/2021\/07\/WhatsApp-Image-2021-07-28-at-19.20.231-462x1024.jpeg 462w, http:\/\/apsv.chubut.gov.ar\/wp-content\/uploads\/2021\/07\/WhatsApp-Image-2021-07-28-at-19.20.231-27x60.jpeg 27w, http:\/\/apsv.chubut.gov.ar\/wp-content\/uploads\/2021\/07\/WhatsApp-Image-2021-07-28-at-19.20.231.jpeg 521w\" sizes=\"auto, (max-width: 135px) 100vw, 135px\" \/>A trav\u00e9s de la Escuelita \u201cLorenzo Rossi\u201d los chicos juegan, disfrutan y aprenden las normas de tr\u00e1nsito, gracias a diferentes actividades organizadas y desarrolladas por personal de la Agencia Provincial de Seguridad Vial (APSV).<\/p>\n<p><img loading=\"lazy\" decoding=\"async\" class=\"size-medium wp-image-631 alignleft\" src=\"http:\/\/apsv.chubut.gov.ar\/wp-content\/uploads\/2021\/07\/WhatsApp-Image-2021-07-28-at-19.20.222-300x135.jpeg\" alt=\"\" width=\"300\" height=\"135\" srcset=\"http:\/\/apsv.chubut.gov.ar\/wp-content\/uploads\/2021\/07\/WhatsApp-Image-2021-07-28-at-19.20.222-300x135.jpeg 300w, http:\/\/apsv.chubut.gov.ar\/wp-content\/uploads\/2021\/07\/WhatsApp-Image-2021-07-28-at-19.20.222-1024x461.jpeg 1024w, http:\/\/apsv.chubut.gov.ar\/wp-content\/uploads\/2021\/07\/WhatsApp-Image-2021-07-28-at-19.20.222-768x346.jpeg 768w, http:\/\/apsv.chubut.gov.ar\/wp-content\/uploads\/2021\/07\/WhatsApp-Image-2021-07-28-at-19.20.222-1536x692.jpeg 1536w, http:\/\/apsv.chubut.gov.ar\/wp-content\/uploads\/2021\/07\/WhatsApp-Image-2021-07-28-at-19.20.222-133x60.jpeg 133w, http:\/\/apsv.chubut.gov.ar\/wp-content\/uploads\/2021\/07\/WhatsApp-Image-2021-07-28-at-19.20.222.jpeg 1600w\" sizes=\"auto, (max-width: 300px) 100vw, 300px\" \/>El cronograma que se viene cumpliendo comenzo el 27 de Julio con una jornada de 6hs en el predio de la escuela N\u00ba205.\u00a0 Asistieron 12 cursos de 6 distintos a\u00f1os divididos en burbujas. Se entregaron 95 licencia a ni\u00f1os de distintas edades.<\/p>\n<p><img loading=\"lazy\" decoding=\"async\" class=\"size-medium wp-image-637 alignright\" src=\"http:\/\/apsv.chubut.gov.ar\/wp-content\/uploads\/2021\/07\/WhatsApp-Image-2021-07-28-at-19.20.20-300x225.jpeg\" alt=\"\" width=\"300\" height=\"225\" srcset=\"http:\/\/apsv.chubut.gov.ar\/wp-content\/uploads\/2021\/07\/WhatsApp-Image-2021-07-28-at-19.20.20-300x225.jpeg 300w, http:\/\/apsv.chubut.gov.ar\/wp-content\/uploads\/2021\/07\/WhatsApp-Image-2021-07-28-at-19.20.20-1024x768.jpeg 1024w, http:\/\/apsv.chubut.gov.ar\/wp-content\/uploads\/2021\/07\/WhatsApp-Image-2021-07-28-at-19.20.20-768x576.jpeg 768w, http:\/\/apsv.chubut.gov.ar\/wp-content\/uploads\/2021\/07\/WhatsApp-Image-2021-07-28-at-19.20.20-80x60.jpeg 80w, http:\/\/apsv.chubut.gov.ar\/wp-content\/uploads\/2021\/07\/WhatsApp-Image-2021-07-28-at-19.20.20.jpeg 1280w\" sizes=\"auto, (max-width: 300px) 100vw, 300px\" \/><\/p>\n<p>Al dia siguiente, se realizo la segunda jornada en Avenida Alvear frente al Banco Provincia, entre las 12 hs hasta 18.30 hs. Asistieron 98 ni\u00f1os de distintos a\u00f1os divididos en burbujas de 6 ni\u00f1os. Se entregaron 98 licencia a ni\u00f1os de distintas edades. Adem\u00e1s de contar con la participaci\u00f3n de aproximadamente 45 adultos.<\/p>\n<p>Y hoy finalizar\u00e1 su tercer jornada, en la Escuela Primaria N\u00ba 112.<\/p>\n<p>&nbsp;<\/p>\n<p><img loading=\"lazy\" decoding=\"async\" class=\"alignnone size-medium wp-image-639\" src=\"http:\/\/apsv.chubut.gov.ar\/wp-content\/uploads\/2021\/07\/WhatsApp-Image-2021-07-28-at-19.20.16-300x225.jpeg\" alt=\"\" width=\"300\" height=\"225\" srcset=\"http:\/\/apsv.chubut.gov.ar\/wp-content\/uploads\/2021\/07\/WhatsApp-Image-2021-07-28-at-19.20.16-300x225.jpeg 300w, http:\/\/apsv.chubut.gov.ar\/wp-content\/uploads\/2021\/07\/WhatsApp-Image-2021-07-28-at-19.20.16-1024x768.jpeg 1024w, http:\/\/apsv.chubut.gov.ar\/wp-content\/uploads\/2021\/07\/WhatsApp-Image-2021-07-28-at-19.20.16-768x576.jpeg 768w, http:\/\/apsv.chubut.gov.ar\/wp-content\/uploads\/2021\/07\/WhatsApp-Image-2021-07-28-at-19.20.16-80x60.jpeg 80w, http:\/\/apsv.chubut.gov.ar\/wp-content\/uploads\/2021\/07\/WhatsApp-Image-2021-07-28-at-19.20.16.jpeg 1280w\" sizes=\"auto, (max-width: 300px) 100vw, 300px\" \/><img loading=\"lazy\" decoding=\"async\" class=\"alignnone size-medium wp-image-636\" src=\"http:\/\/apsv.chubut.gov.ar\/wp-content\/uploads\/2021\/07\/WhatsApp-Image-2021-07-28-at-19.20.21-300x225.jpeg\" alt=\"\" width=\"300\" height=\"225\" srcset=\"http:\/\/apsv.chubut.gov.ar\/wp-content\/uploads\/2021\/07\/WhatsApp-Image-2021-07-28-at-19.20.21-300x225.jpeg 300w, http:\/\/apsv.chubut.gov.ar\/wp-content\/uploads\/2021\/07\/WhatsApp-Image-2021-07-28-at-19.20.21-1024x768.jpeg 1024w, http:\/\/apsv.chubut.gov.ar\/wp-content\/uploads\/2021\/07\/WhatsApp-Image-2021-07-28-at-19.20.21-768x576.jpeg 768w, http:\/\/apsv.chubut.gov.ar\/wp-content\/uploads\/2021\/07\/WhatsApp-Image-2021-07-28-at-19.20.21-80x60.jpeg 80w, http:\/\/apsv.chubut.gov.ar\/wp-content\/uploads\/2021\/07\/WhatsApp-Image-2021-07-28-at-19.20.21.jpeg 1280w\" sizes=\"auto, (max-width: 300px) 100vw, 300px\" \/><img loading=\"lazy\" decoding=\"async\" class=\"alignnone size-medium wp-image-635\" src=\"http:\/\/apsv.chubut.gov.ar\/wp-content\/uploads\/2021\/07\/WhatsApp-Image-2021-07-28-at-19.20.211-300x225.jpeg\" alt=\"\" width=\"300\" height=\"225\" srcset=\"http:\/\/apsv.chubut.gov.ar\/wp-content\/uploads\/2021\/07\/WhatsApp-Image-2021-07-28-at-19.20.211-300x225.jpeg 300w, http:\/\/apsv.chubut.gov.ar\/wp-content\/uploads\/2021\/07\/WhatsApp-Image-2021-07-28-at-19.20.211-1024x768.jpeg 1024w, http:\/\/apsv.chubut.gov.ar\/wp-content\/uploads\/2021\/07\/WhatsApp-Image-2021-07-28-at-19.20.211-768x576.jpeg 768w, http:\/\/apsv.chubut.gov.ar\/wp-content\/uploads\/2021\/07\/WhatsApp-Image-2021-07-28-at-19.20.211-80x60.jpeg 80w, http:\/\/apsv.chubut.gov.ar\/wp-content\/uploads\/2021\/07\/WhatsApp-Image-2021-07-28-at-19.20.211.jpeg 1280w\" sizes=\"auto, (max-width: 300px) 100vw, 300px\" \/><img loading=\"lazy\" decoding=\"async\" class=\"alignnone wp-image-633\" src=\"http:\/\/apsv.chubut.gov.ar\/wp-content\/uploads\/2021\/07\/WhatsApp-Image-2021-07-28-at-19.20.22-300x135.jpeg\" alt=\"\" width=\"500\" height=\"225\" srcset=\"http:\/\/apsv.chubut.gov.ar\/wp-content\/uploads\/2021\/07\/WhatsApp-Image-2021-07-28-at-19.20.22-300x135.jpeg 300w, http:\/\/apsv.chubut.gov.ar\/wp-content\/uploads\/2021\/07\/WhatsApp-Image-2021-07-28-at-19.20.22-1024x462.jpeg 1024w, http:\/\/apsv.chubut.gov.ar\/wp-content\/uploads\/2021\/07\/WhatsApp-Image-2021-07-28-at-19.20.22-768x346.jpeg 768w, http:\/\/apsv.chubut.gov.ar\/wp-content\/uploads\/2021\/07\/WhatsApp-Image-2021-07-28-at-19.20.22-133x60.jpeg 133w, http:\/\/apsv.chubut.gov.ar\/wp-content\/uploads\/2021\/07\/WhatsApp-Image-2021-07-28-at-19.20.22.jpeg 1156w\" sizes=\"auto, (max-width: 500px) 100vw, 500px\" \/><\/p>\n<p>&nbsp;<\/p>\n<p><img loading=\"lazy\" decoding=\"async\" class=\"alignnone size-medium wp-image-638\" src=\"http:\/\/apsv.chubut.gov.ar\/wp-content\/uploads\/2021\/07\/WhatsApp-Image-2021-07-28-at-19.20.19-300x225.jpeg\" alt=\"\" width=\"300\" height=\"225\" srcset=\"http:\/\/apsv.chubut.gov.ar\/wp-content\/uploads\/2021\/07\/WhatsApp-Image-2021-07-28-at-19.20.19-300x225.jpeg 300w, http:\/\/apsv.chubut.gov.ar\/wp-content\/uploads\/2021\/07\/WhatsApp-Image-2021-07-28-at-19.20.19-1024x768.jpeg 1024w, http:\/\/apsv.chubut.gov.ar\/wp-content\/uploads\/2021\/07\/WhatsApp-Image-2021-07-28-at-19.20.19-768x576.jpeg 768w, http:\/\/apsv.chubut.gov.ar\/wp-content\/uploads\/2021\/07\/WhatsApp-Image-2021-07-28-at-19.20.19-80x60.jpeg 80w, http:\/\/apsv.chubut.gov.ar\/wp-content\/uploads\/2021\/07\/WhatsApp-Image-2021-07-28-at-19.20.19.jpeg 1280w\" sizes=\"auto, (max-width: 300px) 100vw, 300px\" \/><\/p>\n<p>&nbsp;<\/p>\n","protected":false},"excerpt":{"rendered":"<p>La Escuelita Vial &#8220;Lorenzo Rossi&#8221; de la Agencia de Seguridad Vial (APSV) esta semana se encuentra en la ciudad de Esquel, encabezando sus actividades con el Subsecretario de Seguridad Vial Leonardo das neves. &nbsp; Roc\u00edo Esteban, de la Fundaci\u00f3n Estrellas Amarillas, destac\u00f3 la importancia de que se contin\u00fae visibilizando en la ciudad el trabajo de &hellip; <\/p>\n","protected":false},"author":2,"featured_media":628,"comment_status":"closed","ping_status":"open","sticky":false,"template":"","format":"standard","meta":{"footnotes":""},"categories":[7,3,2,4,1],"tags":[],"class_list":["post-627","post","type-post","status-publish","format-standard","has-post-thumbnail","hentry","category-capacitacion","category-escuela","category-finde","category-prevencion","category-sin-categoria"],"_links":{"self":[{"href":"http:\/\/apsv.chubut.gov.ar\/index.php?rest_route=\/wp\/v2\/posts\/627","targetHints":{"allow":["GET"]}}],"collection":[{"href":"http:\/\/apsv.chubut.gov.ar\/index.php?rest_route=\/wp\/v2\/posts"}],"about":[{"href":"http:\/\/apsv.chubut.gov.ar\/index.php?rest_route=\/wp\/v2\/types\/post"}],"author":[{"embeddable":true,"href":"http:\/\/apsv.chubut.gov.ar\/index.php?rest_route=\/wp\/v2\/users\/2"}],"replies":[{"embeddable":true,"href":"http:\/\/apsv.chubut.gov.ar\/index.php?rest_route=%2Fwp%2Fv2%2Fcomments&post=627"}],"version-history":[{"count":6,"href":"http:\/\/apsv.chubut.gov.ar\/index.php?rest_route=\/wp\/v2\/posts\/627\/revisions"}],"predecessor-version":[{"id":645,"href":"http:\/\/apsv.chubut.gov.ar\/index.php?rest_route=\/wp\/v2\/posts\/627\/revisions\/645"}],"wp:featuredmedia":[{"embeddable":true,"href":"http:\/\/apsv.chubut.gov.ar\/index.php?rest_route=\/wp\/v2\/media\/628"}],"wp:attachment":[{"href":"http:\/\/apsv.chubut.gov.ar\/index.php?rest_route=%2Fwp%2Fv2%2Fmedia&parent=627"}],"wp:term":[{"taxonomy":"category","embeddable":true,"href":"http:\/\/apsv.chubut.gov.ar\/index.php?rest_route=%2Fwp%2Fv2%2Fcategories&post=627"},{"taxonomy":"post_tag","embeddable":true,"href":"http:\/\/apsv.chubut.gov.ar\/index.php?rest_route=%2Fwp%2Fv2%2Ftags&post=627"}],"curies":[{"name":"wp","href":"https:\/\/api.w.org\/{rel}","templated":true}]}}