{"id":534,"date":"2021-06-28T11:44:49","date_gmt":"2021-06-28T14:44:49","guid":{"rendered":"http:\/\/apsv.chubut.gov.ar\/?p=534"},"modified":"2021-06-28T11:44:49","modified_gmt":"2021-06-28T14:44:49","slug":"9-aniversario-del-siniestro-vial-en-ruta-nacional-n-3","status":"publish","type":"post","link":"http:\/\/apsv.chubut.gov.ar\/?p=534","title":{"rendered":"9\u00b0 Aniversario del siniestro vial en Ruta Nacional N 3"},"content":{"rendered":"<p>Con motivo de conmemorarse el 9\u00b0 Aniversario del siniestro vial en Ruta Nacional N 3 en cercan\u00edas de Arroyo Verde donde falleciera personal de Gendarmer\u00eda Nacional,el <strong>Subsecretario Leonardo Das Neves<\/strong> particip\u00f3 del acto conmemorativo junto a las autoridades de la <strong>Agrupaci\u00f3n XIV \u00abChubut\u00bb de Gendarmer\u00eda Nacional<\/strong> encabezado por el <strong>Comandante Mayor Hugo Warner<\/strong>.<\/p>\n<p><img loading=\"lazy\" decoding=\"async\" class=\"size-medium wp-image-537 alignleft\" src=\"http:\/\/apsv.chubut.gov.ar\/wp-content\/uploads\/2021\/06\/a73e3340-6eb4-4d57-800e-4eca6791c939-300x169.jpg\" alt=\"\" width=\"300\" height=\"169\" srcset=\"http:\/\/apsv.chubut.gov.ar\/wp-content\/uploads\/2021\/06\/a73e3340-6eb4-4d57-800e-4eca6791c939-300x169.jpg 300w, http:\/\/apsv.chubut.gov.ar\/wp-content\/uploads\/2021\/06\/a73e3340-6eb4-4d57-800e-4eca6791c939-1024x576.jpg 1024w, http:\/\/apsv.chubut.gov.ar\/wp-content\/uploads\/2021\/06\/a73e3340-6eb4-4d57-800e-4eca6791c939-768x432.jpg 768w, http:\/\/apsv.chubut.gov.ar\/wp-content\/uploads\/2021\/06\/a73e3340-6eb4-4d57-800e-4eca6791c939-107x60.jpg 107w, http:\/\/apsv.chubut.gov.ar\/wp-content\/uploads\/2021\/06\/a73e3340-6eb4-4d57-800e-4eca6791c939.jpg 1280w\" sizes=\"auto, (max-width: 300px) 100vw, 300px\" \/>Cabe recordar que en el siniestro hubo 12 v\u00edctimas fatales, 9 de ellos gendarmes, 2 conductores de \u00f3mnibus y un conductor de cami\u00f3n.<\/p>\n<p>En el acto fueron plantados 12 \u00e1rboles alrededor del cenotafio para mantener el recuerdo de cada uno de ellos.<\/p>\n<p>&nbsp;<\/p>\n<p>&nbsp;<\/p>\n<blockquote><p>Desde la Subsecretar\u00eda de Seguridad Vial recordamos y homenajeamos al personal que perdiera la vida y acompa\u00f1amos en el pesar a familiares y a la Instituci\u00f3n.<\/p><\/blockquote>\n<p><img loading=\"lazy\" decoding=\"async\" class=\" wp-image-535 aligncenter\" src=\"http:\/\/apsv.chubut.gov.ar\/wp-content\/uploads\/2021\/06\/eb93c41b-bab8-4db2-8440-d2ed5d431a84-300x169.jpg\" alt=\"\" width=\"399\" height=\"225\" srcset=\"http:\/\/apsv.chubut.gov.ar\/wp-content\/uploads\/2021\/06\/eb93c41b-bab8-4db2-8440-d2ed5d431a84-300x169.jpg 300w, http:\/\/apsv.chubut.gov.ar\/wp-content\/uploads\/2021\/06\/eb93c41b-bab8-4db2-8440-d2ed5d431a84-1024x576.jpg 1024w, http:\/\/apsv.chubut.gov.ar\/wp-content\/uploads\/2021\/06\/eb93c41b-bab8-4db2-8440-d2ed5d431a84-768x432.jpg 768w, http:\/\/apsv.chubut.gov.ar\/wp-content\/uploads\/2021\/06\/eb93c41b-bab8-4db2-8440-d2ed5d431a84-107x60.jpg 107w, http:\/\/apsv.chubut.gov.ar\/wp-content\/uploads\/2021\/06\/eb93c41b-bab8-4db2-8440-d2ed5d431a84.jpg 1280w\" sizes=\"auto, (max-width: 399px) 100vw, 399px\" \/><\/p>\n","protected":false},"excerpt":{"rendered":"<p>Con motivo de conmemorarse el 9\u00b0 Aniversario del siniestro vial en Ruta Nacional N 3 en cercan\u00edas de Arroyo Verde donde falleciera personal de Gendarmer\u00eda Nacional,el Subsecretario Leonardo Das Neves particip\u00f3 del acto conmemorativo junto a las autoridades de la Agrupaci\u00f3n XIV \u00abChubut\u00bb de Gendarmer\u00eda Nacional encabezado por el Comandante Mayor Hugo Warner. Cabe recordar &hellip; <\/p>\n","protected":false},"author":2,"featured_media":536,"comment_status":"closed","ping_status":"open","sticky":false,"template":"","format":"standard","meta":{"footnotes":""},"categories":[2,1],"tags":[],"class_list":["post-534","post","type-post","status-publish","format-standard","has-post-thumbnail","hentry","category-finde","category-sin-categoria"],"_links":{"self":[{"href":"http:\/\/apsv.chubut.gov.ar\/index.php?rest_route=\/wp\/v2\/posts\/534","targetHints":{"allow":["GET"]}}],"collection":[{"href":"http:\/\/apsv.chubut.gov.ar\/index.php?rest_route=\/wp\/v2\/posts"}],"about":[{"href":"http:\/\/apsv.chubut.gov.ar\/index.php?rest_route=\/wp\/v2\/types\/post"}],"author":[{"embeddable":true,"href":"http:\/\/apsv.chubut.gov.ar\/index.php?rest_route=\/wp\/v2\/users\/2"}],"replies":[{"embeddable":true,"href":"http:\/\/apsv.chubut.gov.ar\/index.php?rest_route=%2Fwp%2Fv2%2Fcomments&post=534"}],"version-history":[{"count":2,"href":"http:\/\/apsv.chubut.gov.ar\/index.php?rest_route=\/wp\/v2\/posts\/534\/revisions"}],"predecessor-version":[{"id":539,"href":"http:\/\/apsv.chubut.gov.ar\/index.php?rest_route=\/wp\/v2\/posts\/534\/revisions\/539"}],"wp:featuredmedia":[{"embeddable":true,"href":"http:\/\/apsv.chubut.gov.ar\/index.php?rest_route=\/wp\/v2\/media\/536"}],"wp:attachment":[{"href":"http:\/\/apsv.chubut.gov.ar\/index.php?rest_route=%2Fwp%2Fv2%2Fmedia&parent=534"}],"wp:term":[{"taxonomy":"category","embeddable":true,"href":"http:\/\/apsv.chubut.gov.ar\/index.php?rest_route=%2Fwp%2Fv2%2Fcategories&post=534"},{"taxonomy":"post_tag","embeddable":true,"href":"http:\/\/apsv.chubut.gov.ar\/index.php?rest_route=%2Fwp%2Fv2%2Ftags&post=534"}],"curies":[{"name":"wp","href":"https:\/\/api.w.org\/{rel}","templated":true}]}}