{"id":508,"date":"2021-06-11T10:22:59","date_gmt":"2021-06-11T13:22:59","guid":{"rendered":"http:\/\/apsv.chubut.gov.ar\/?p=508"},"modified":"2021-06-11T10:22:59","modified_gmt":"2021-06-11T13:22:59","slug":"rio-pico-camarones-y-jose-de-san-martin-implementaran-la-licencia-nacional-de-conducir","status":"publish","type":"post","link":"http:\/\/apsv.chubut.gov.ar\/?p=508","title":{"rendered":"R\u00edo Pico, Camarones y Jos\u00e9 de San Mart\u00edn implementar\u00e1n la Licencia Nacional de Conducir"},"content":{"rendered":"<p>En el marco del D\u00eda de la Seguridad Vial, el Gobierno del Chubut, a trav\u00e9s del Ministerio de Seguridad, firm\u00f3 convenios con los municipios de R\u00edo Pico, Camarones y Jos\u00e9 de San Martin, para la Implementaci\u00f3n de la Licencia Nacional de Conducir y del Certificado Nacional de Antecedentes de Tr\u00e1nsito.<\/p>\n<p><img loading=\"lazy\" decoding=\"async\" class=\" wp-image-510 alignright\" src=\"http:\/\/apsv.chubut.gov.ar\/wp-content\/uploads\/2021\/06\/muniLicUnic2-300x134.jpg\" alt=\"\" width=\"401\" height=\"179\" srcset=\"http:\/\/apsv.chubut.gov.ar\/wp-content\/uploads\/2021\/06\/muniLicUnic2-300x134.jpg 300w, http:\/\/apsv.chubut.gov.ar\/wp-content\/uploads\/2021\/06\/muniLicUnic2-1024x458.jpg 1024w, http:\/\/apsv.chubut.gov.ar\/wp-content\/uploads\/2021\/06\/muniLicUnic2-768x343.jpg 768w, http:\/\/apsv.chubut.gov.ar\/wp-content\/uploads\/2021\/06\/muniLicUnic2-1536x687.jpg 1536w, http:\/\/apsv.chubut.gov.ar\/wp-content\/uploads\/2021\/06\/muniLicUnic2-2048x916.jpg 2048w, http:\/\/apsv.chubut.gov.ar\/wp-content\/uploads\/2021\/06\/muniLicUnic2-134x60.jpg 134w\" sizes=\"auto, (max-width: 401px) 100vw, 401px\" \/>Por ello, este jueves se realiz\u00f3 un acto en el Sal\u00f3n de los Constituyentes de Casa de Gobierno, donde participaron el ministro de Seguridad, Federico Massoni, el subsecretario de Seguridad Vial, Leonardo Das Neves; los intendentes de Jos\u00e9 de San Mart\u00edn, Rub\u00e9n Calpanchay; de Camarones, Claudia Loyola y de R\u00edo Pico, Diego P\u00e9rez; el jefe de la Polic\u00eda del Chubut, Miguel G\u00f3mez, la representante de Estrellas Amarillas, Roc\u00edo esteban, de la Mesa Chubutense de V\u00edctimas Viales, Federico Labaen y preventores de la Agencia Provincial de Seguridad Vial (APSV).<\/p>\n<p>Luego de la firma de convenios entre el Gobierno del Chubut, a trav\u00e9s de la Subsecretar\u00eda de Seguridad Vial, la Agencia Nacional de Seguridad Vial y los municipios, Massoni remarc\u00f3 que \u201cla Licencia \u00danica da seguridad, y debemos darle seguridad a la ciudadan\u00eda, los ex\u00e1menes son para todos iguales, tendr\u00e1 la misma exigencia sin que pueda existir sospecha de amiguismo, porque es un arma la que se est\u00e1 poniendo a disposici\u00f3n de uno de los ciudadanos y esto conlleva a que como cualquier arma se maneje con much\u00edsimo cuidado, que exista mucho control por parte del Estado\u201d.<\/p>\n<p>\u201cEl objetivo del gobernador Arcioni, es igualdad para toda la provincia. Vamos a tener el 100% de Chubut adherida y con ello vamos a redoblar el respaldo en insumos y personal que tiene que hacer polic\u00eda para que estos operativos sean f\u00e9rreos, y que realmente a esos inadaptados que no entienden que consumiendo alcohol no pueden estar manejando, se queden en sus casas, y no alteren a un tercero\u201d, remarc\u00f3 el funcionario provincial.<\/p>\n<p>\u201cNo podemos permitirnos un herido y mucho menos podemos permitirnos un muerto m\u00e1s en nuestra provincia producto de esta irresponsabilidad. Las multas que se llevan adelante hablamos de una franja que va de los 30 a los 45 a\u00f1os en su mayor\u00eda. Aprendamos de los j\u00f3venes, que tienen un conductor designado. El tomar y conducir es convertirse en un delincuente\u201d, concluy\u00f3 el Ministro de Seguridad.<\/p>\n<p>Por su parte, el subsecretario de Seguridad Vial, Leonardo Das Neves, hizo una menci\u00f3n especial por el acompa\u00f1amiento de familiares de v\u00edctimas de siniestros viales, tanto Federico como Roc\u00edo son parte del equipo. \u201cEllos son nuestra gu\u00eda, a d\u00f3nde apuntamos y lo que queremos evitar\u201d, expres\u00f3.<\/p>\n<p>\u201cEs un d\u00eda muy especial para nosotros, en el D\u00eda de la Seguridad Vial, parte del equipo se encuentra ac\u00e1 y el otro haciendo controles en el marco del \u2018Programa de Alcoholemia Federal\u2019 en distintas turas de la provincia\u201d, destac\u00f3 Leonardo Das Neves y agradeci\u00f3: \u201cal Gobernador Arcioni y al ministro Massoni, porque ayer obtuvimos una distinci\u00f3n de las autoridades de la Agencia Nacional por el trabajo que venimos desarrollando en la Provincia. No es un logro personal sino del equipo de trabajo, junto a Polic\u00eda, fuerzas federales e intendentes\u201d.<\/p>\n<p><img loading=\"lazy\" decoding=\"async\" class=\" wp-image-511 alignleft\" src=\"http:\/\/apsv.chubut.gov.ar\/wp-content\/uploads\/2021\/06\/muniLicUnic-300x180.jpg\" alt=\"\" width=\"357\" height=\"214\" srcset=\"http:\/\/apsv.chubut.gov.ar\/wp-content\/uploads\/2021\/06\/muniLicUnic-300x180.jpg 300w, http:\/\/apsv.chubut.gov.ar\/wp-content\/uploads\/2021\/06\/muniLicUnic-768x461.jpg 768w, http:\/\/apsv.chubut.gov.ar\/wp-content\/uploads\/2021\/06\/muniLicUnic-100x60.jpg 100w, http:\/\/apsv.chubut.gov.ar\/wp-content\/uploads\/2021\/06\/muniLicUnic.jpg 813w\" sizes=\"auto, (max-width: 357px) 100vw, 357px\" \/>El subsecretario indic\u00f3 que \u201ccon Claudia es la tercera vez que firmamos este acuerdo, no se hab\u00eda llevado a cabo porque era una inversi\u00f3n muy grande y Gobierno anteriores no les dieron la importancia necesaria, pero el Gobernador Arcioni tom\u00f3 la decisi\u00f3n pol\u00edtica de trabajar en una provincia federal donde todos tengamos todos las mismas condiciones\u201d.<\/p>\n<p>\u201cTenemos que cuidar al 95% de los chubutenses que respetan las normas, un gran trabajo fue impulsar la Ley de Tolerancia Cero, la cual ya fue promulgada y estamos trabajando junto a otros estamentos en el final de la reglamentaci\u00f3n para trabajarla con los municipios\u201d, record\u00f3 el funcionario provincial.<\/p>\n<p>Por \u00faltimo, Leonardo Das Neves destac\u00f3 \u201cel rol de la APSV durante la pandemia. El a\u00f1o pasado hemos controlado m\u00e1s de 600 mil veh\u00edculos en retenes que hac\u00edamos en toda la provincia poni\u00e9ndonos en riesgo siempre, pero cumpliendo con todas las medidas de seguridad para cuidar a la sociedad\u201d. Por su parte, la intendenta Loyola indic\u00f3 que \u201cel Gobierno nos abri\u00f3 la puerta a todos los municipios. Es muy importante tener licencia \u00fanica en localidades como la nuestra, en donde tenemos que hacer uso de carnets que a la facilidad de mucho los puede utilizar o falsificar, uno lo firma hasta con desconfianza pensando en las responsabilidades y obligaciones que tenemos\u201d.<\/p>\n<p>\u201cEs un ingreso m\u00e1s al municipio y un servicio m\u00e1s a la comunidad, nos sacan un peso importante de encima porque nos sentimos muy responsables a la hora de brindar este tipo de documento\u201d, dijo Loyola y agradeci\u00f3: \u201cel trabajo que han realizado, por acompa\u00f1ar a los municipios a seguir creciendo, que hoy sea una realidad, y en especial al Gobernador Arcioni porque esto nos garantiza y nos da categor\u00eda el tener este tipo de servicio\u201d#<\/p>\n<p><img loading=\"lazy\" decoding=\"async\" class=\" wp-image-512 aligncenter\" src=\"http:\/\/apsv.chubut.gov.ar\/wp-content\/uploads\/2021\/06\/muniLicUnic3-300x133.jpg\" alt=\"\" width=\"350\" height=\"155\" srcset=\"http:\/\/apsv.chubut.gov.ar\/wp-content\/uploads\/2021\/06\/muniLicUnic3-300x133.jpg 300w, http:\/\/apsv.chubut.gov.ar\/wp-content\/uploads\/2021\/06\/muniLicUnic3-1024x454.jpg 1024w, http:\/\/apsv.chubut.gov.ar\/wp-content\/uploads\/2021\/06\/muniLicUnic3-768x341.jpg 768w, http:\/\/apsv.chubut.gov.ar\/wp-content\/uploads\/2021\/06\/muniLicUnic3-135x60.jpg 135w, http:\/\/apsv.chubut.gov.ar\/wp-content\/uploads\/2021\/06\/muniLicUnic3.jpg 1280w\" sizes=\"auto, (max-width: 350px) 100vw, 350px\" \/><\/p>\n","protected":false},"excerpt":{"rendered":"<p>En el marco del D\u00eda de la Seguridad Vial, el Gobierno del Chubut, a trav\u00e9s del Ministerio de Seguridad, firm\u00f3 convenios con los municipios de R\u00edo Pico, Camarones y Jos\u00e9 de San Martin, para la Implementaci\u00f3n de la Licencia Nacional de Conducir y del Certificado Nacional de Antecedentes de Tr\u00e1nsito. Por ello, este jueves se &hellip; <\/p>\n","protected":false},"author":2,"featured_media":509,"comment_status":"closed","ping_status":"open","sticky":false,"template":"","format":"standard","meta":{"footnotes":""},"categories":[7,3,2,4,1],"tags":[],"class_list":["post-508","post","type-post","status-publish","format-standard","has-post-thumbnail","hentry","category-capacitacion","category-escuela","category-finde","category-prevencion","category-sin-categoria"],"_links":{"self":[{"href":"http:\/\/apsv.chubut.gov.ar\/index.php?rest_route=\/wp\/v2\/posts\/508","targetHints":{"allow":["GET"]}}],"collection":[{"href":"http:\/\/apsv.chubut.gov.ar\/index.php?rest_route=\/wp\/v2\/posts"}],"about":[{"href":"http:\/\/apsv.chubut.gov.ar\/index.php?rest_route=\/wp\/v2\/types\/post"}],"author":[{"embeddable":true,"href":"http:\/\/apsv.chubut.gov.ar\/index.php?rest_route=\/wp\/v2\/users\/2"}],"replies":[{"embeddable":true,"href":"http:\/\/apsv.chubut.gov.ar\/index.php?rest_route=%2Fwp%2Fv2%2Fcomments&post=508"}],"version-history":[{"count":1,"href":"http:\/\/apsv.chubut.gov.ar\/index.php?rest_route=\/wp\/v2\/posts\/508\/revisions"}],"predecessor-version":[{"id":513,"href":"http:\/\/apsv.chubut.gov.ar\/index.php?rest_route=\/wp\/v2\/posts\/508\/revisions\/513"}],"wp:featuredmedia":[{"embeddable":true,"href":"http:\/\/apsv.chubut.gov.ar\/index.php?rest_route=\/wp\/v2\/media\/509"}],"wp:attachment":[{"href":"http:\/\/apsv.chubut.gov.ar\/index.php?rest_route=%2Fwp%2Fv2%2Fmedia&parent=508"}],"wp:term":[{"taxonomy":"category","embeddable":true,"href":"http:\/\/apsv.chubut.gov.ar\/index.php?rest_route=%2Fwp%2Fv2%2Fcategories&post=508"},{"taxonomy":"post_tag","embeddable":true,"href":"http:\/\/apsv.chubut.gov.ar\/index.php?rest_route=%2Fwp%2Fv2%2Ftags&post=508"}],"curies":[{"name":"wp","href":"https:\/\/api.w.org\/{rel}","templated":true}]}}