{"id":327,"date":"2021-03-31T08:46:11","date_gmt":"2021-03-31T11:46:11","guid":{"rendered":"http:\/\/apsv.chubut.gov.ar\/?p=327"},"modified":"2021-03-31T08:46:11","modified_gmt":"2021-03-31T11:46:11","slug":"ciudadania-responsable","status":"publish","type":"post","link":"http:\/\/apsv.chubut.gov.ar\/?p=327","title":{"rendered":"Ciudadan\u00eda responsable"},"content":{"rendered":"<h4 id=\"title\" style=\"text-align: center;\">Propician la implementaci\u00f3n en Chubut de un programa de Educaci\u00f3n Vial<\/h4>\n<div class=\"np_nota_descripcion\">\n<p>El Plan Nacional de Educaci\u00f3n Vial 2021-2023, articulado con el Ministerio de Educaci\u00f3n de la Naci\u00f3n, contempla espacios de formaci\u00f3n para docentes y tambi\u00e9n para estudiantes, al ser la inseguridad vial la primera causa de muerte en menores de 35 a\u00f1os.<\/p>\n<p><img loading=\"lazy\" decoding=\"async\" class=\"size-medium wp-image-328 alignleft\" src=\"http:\/\/apsv.chubut.gov.ar\/wp-content\/uploads\/2021\/03\/edu31031-300x183.jpg\" alt=\"\" width=\"300\" height=\"183\" srcset=\"http:\/\/apsv.chubut.gov.ar\/wp-content\/uploads\/2021\/03\/edu31031-300x183.jpg 300w, http:\/\/apsv.chubut.gov.ar\/wp-content\/uploads\/2021\/03\/edu31031-1024x624.jpg 1024w, http:\/\/apsv.chubut.gov.ar\/wp-content\/uploads\/2021\/03\/edu31031-768x468.jpg 768w, http:\/\/apsv.chubut.gov.ar\/wp-content\/uploads\/2021\/03\/edu31031-98x60.jpg 98w, http:\/\/apsv.chubut.gov.ar\/wp-content\/uploads\/2021\/03\/edu31031.jpg 1195w\" sizes=\"auto, (max-width: 300px) 100vw, 300px\" \/>La ministra de Educaci\u00f3n de Chubut, Florencia Perata, junto con la subsecretaria Laura Longo, recibieron este mediod\u00eda al subsecretario de Seguridad Vial, Leonardo Das Neves, para analizar la puesta en marcha en la provincia del Programa Nacional de Educaci\u00f3n Vial, que tiene como prop\u00f3sito construir una ciudadan\u00eda responsable.<\/p>\n<p>Estuvieron presentes en el encuentro la coordinadora de Proyectos Especiales, Innovaci\u00f3n y Formaci\u00f3n Docente Continua, Carla Silvetti N\u00e1poli, y el jefe del Observatorio Vial de la Agencia Provincial de Seguridad Vial, Gustavo Soto.<\/p>\n<p>La inseguridad vial es una de las principales causas de muerte en el pa\u00eds, y la primera en j\u00f3venes, destaca en sus reportes la Agencia Nacional de Seguridad Vial, y por eso se considera a este programa como una herramienta de trabajo que contribuya a formar una ciudadan\u00eda responsable.<\/p>\n<p>\u201c<em>La inseguridad vial es una problem\u00e1tica compleja, y por eso consideramos que es muy importante acompa\u00f1ar esta iniciativa de capacitaci\u00f3n que propone el Centro de Formaci\u00f3n de la Agencia Nacional de Seguridad Vial (ANSV), y que se imparten a trav\u00e9s de la plataforma \u2018Juana Manso\u2019, otorg\u00e1ndole puntaje docente<\/em>\u201d, dijo la ministra.<\/p>\n<p><strong>Formaci\u00f3n docente<\/strong><\/p>\n<p>Como primer paso, el programa alienta la participaci\u00f3n de docentes en programas de capacitaci\u00f3n que se brindan en formato online. As\u00ed, la oferta de capacitaci\u00f3n del Instituto Nacional de Formaci\u00f3n Docente (INFOD) est\u00e1 dirigida a docentes, directivos y educadores de los tres niveles obligatorios de la ense\u00f1anza, que se encuentren en ejercicio tanto en el \u00e1mbito estatal como privado y es una de las acciones contempladas dentro del Programa Nacional de Educaci\u00f3n Vial 2021-2023, que se lleva adelante a partir de un convenio entre la ANSV y el Ministerio de Educaci\u00f3n de la Naci\u00f3n.<\/p>\n<p><img loading=\"lazy\" decoding=\"async\" class=\"size-medium wp-image-329 alignright\" src=\"http:\/\/apsv.chubut.gov.ar\/wp-content\/uploads\/2021\/03\/edu31032-300x183.jpeg\" alt=\"\" width=\"300\" height=\"183\" srcset=\"http:\/\/apsv.chubut.gov.ar\/wp-content\/uploads\/2021\/03\/edu31032-300x183.jpeg 300w, http:\/\/apsv.chubut.gov.ar\/wp-content\/uploads\/2021\/03\/edu31032-1024x624.jpeg 1024w, http:\/\/apsv.chubut.gov.ar\/wp-content\/uploads\/2021\/03\/edu31032-768x468.jpeg 768w, http:\/\/apsv.chubut.gov.ar\/wp-content\/uploads\/2021\/03\/edu31032-98x60.jpeg 98w, http:\/\/apsv.chubut.gov.ar\/wp-content\/uploads\/2021\/03\/edu31032.jpeg 1280w\" sizes=\"auto, (max-width: 300px) 100vw, 300px\" \/>\u201c<em>Creemos que el compromiso de todos los actores involucrados constituye una oportunidad para que el abordaje de la educaci\u00f3n vial se convierta en una pol\u00edtica p\u00fablica, teniendo en cuenta que la inseguridad vial es la primera causa de muerte de menores de 35 a\u00f1os en la Argentina<\/em>\u201d, dijo Das Neves.<\/p>\n<p>El funcionario indic\u00f3, asimismo, que el Consejo Federal de Seguridad Vial alienta a que la Educaci\u00f3n Vial se constituya en una pol\u00edtica de estado, en el marco de la ley de Promoci\u00f3n de la Educaci\u00f3n Vial N\u00ba 27.214, que reconoce el rol del Estado en la generaci\u00f3n de pol\u00edticas p\u00fablicas de tr\u00e1nsito y seguridad vial, para garantizar una circulaci\u00f3n responsable y segura.<\/p>\n<\/div>\n","protected":false},"excerpt":{"rendered":"<p>Propician la implementaci\u00f3n en Chubut de un programa de Educaci\u00f3n Vial El Plan Nacional de Educaci\u00f3n Vial 2021-2023, articulado con el Ministerio de Educaci\u00f3n de la Naci\u00f3n, contempla espacios de formaci\u00f3n para docentes y tambi\u00e9n para estudiantes, al ser la inseguridad vial la primera causa de muerte en menores de 35 a\u00f1os. La ministra de &hellip; <\/p>\n","protected":false},"author":2,"featured_media":328,"comment_status":"closed","ping_status":"open","sticky":false,"template":"","format":"standard","meta":{"footnotes":""},"categories":[7,3,4],"tags":[],"class_list":["post-327","post","type-post","status-publish","format-standard","has-post-thumbnail","hentry","category-capacitacion","category-escuela","category-prevencion"],"_links":{"self":[{"href":"http:\/\/apsv.chubut.gov.ar\/index.php?rest_route=\/wp\/v2\/posts\/327","targetHints":{"allow":["GET"]}}],"collection":[{"href":"http:\/\/apsv.chubut.gov.ar\/index.php?rest_route=\/wp\/v2\/posts"}],"about":[{"href":"http:\/\/apsv.chubut.gov.ar\/index.php?rest_route=\/wp\/v2\/types\/post"}],"author":[{"embeddable":true,"href":"http:\/\/apsv.chubut.gov.ar\/index.php?rest_route=\/wp\/v2\/users\/2"}],"replies":[{"embeddable":true,"href":"http:\/\/apsv.chubut.gov.ar\/index.php?rest_route=%2Fwp%2Fv2%2Fcomments&post=327"}],"version-history":[{"count":2,"href":"http:\/\/apsv.chubut.gov.ar\/index.php?rest_route=\/wp\/v2\/posts\/327\/revisions"}],"predecessor-version":[{"id":331,"href":"http:\/\/apsv.chubut.gov.ar\/index.php?rest_route=\/wp\/v2\/posts\/327\/revisions\/331"}],"wp:featuredmedia":[{"embeddable":true,"href":"http:\/\/apsv.chubut.gov.ar\/index.php?rest_route=\/wp\/v2\/media\/328"}],"wp:attachment":[{"href":"http:\/\/apsv.chubut.gov.ar\/index.php?rest_route=%2Fwp%2Fv2%2Fmedia&parent=327"}],"wp:term":[{"taxonomy":"category","embeddable":true,"href":"http:\/\/apsv.chubut.gov.ar\/index.php?rest_route=%2Fwp%2Fv2%2Fcategories&post=327"},{"taxonomy":"post_tag","embeddable":true,"href":"http:\/\/apsv.chubut.gov.ar\/index.php?rest_route=%2Fwp%2Fv2%2Ftags&post=327"}],"curies":[{"name":"wp","href":"https:\/\/api.w.org\/{rel}","templated":true}]}}