{"id":320,"date":"2021-03-30T09:40:12","date_gmt":"2021-03-30T12:40:12","guid":{"rendered":"http:\/\/apsv.chubut.gov.ar\/?p=320"},"modified":"2021-03-30T09:41:47","modified_gmt":"2021-03-30T12:41:47","slug":"educacion-vial-en-escuelas-secundarias","status":"publish","type":"post","link":"http:\/\/apsv.chubut.gov.ar\/?p=320","title":{"rendered":"Educacion Vial en Escuelas Secundarias"},"content":{"rendered":"<div aria-label=\"?\">\n<h4 class=\"entry-title\">Chubut busca fomentar la educaci\u00f3n vial en escuelas secundarias<\/h4>\n<p><img loading=\"lazy\" decoding=\"async\" class=\"size-medium wp-image-322 aligncenter\" src=\"http:\/\/apsv.chubut.gov.ar\/wp-content\/uploads\/2021\/03\/IMG-20210330-WA0004-300x139.jpg\" alt=\"\" width=\"300\" height=\"139\" srcset=\"http:\/\/apsv.chubut.gov.ar\/wp-content\/uploads\/2021\/03\/IMG-20210330-WA0004-300x139.jpg 300w, http:\/\/apsv.chubut.gov.ar\/wp-content\/uploads\/2021\/03\/IMG-20210330-WA0004-1024x473.jpg 1024w, http:\/\/apsv.chubut.gov.ar\/wp-content\/uploads\/2021\/03\/IMG-20210330-WA0004-768x355.jpg 768w, http:\/\/apsv.chubut.gov.ar\/wp-content\/uploads\/2021\/03\/IMG-20210330-WA0004-1020x477.jpg 1020w, http:\/\/apsv.chubut.gov.ar\/wp-content\/uploads\/2021\/03\/IMG-20210330-WA0004-130x60.jpg 130w, http:\/\/apsv.chubut.gov.ar\/wp-content\/uploads\/2021\/03\/IMG-20210330-WA0004.jpg 1032w\" sizes=\"auto, (max-width: 300px) 100vw, 300px\" \/><\/p>\n<\/div>\n<div class=\"css-1dbjc4n r-xoduu5 r-1mlwlqe r-1d2f490 r-1udh08x r-u8s1d r-h9hxbl r-417010\" aria-label=\"?\">El Subsercretario de Seguridad Vial, <strong><span class=\"css-901oao css-16my406 r-poiln3 r-bcqeeo r-qvutc0\">Leonardo Das Neves<\/span><\/strong> avanza en el plan de Educaci\u00f3n Vial en escuelas secundarias.<\/div>\n<blockquote>\n<h5><span class=\"css-901oao css-16my406 r-poiln3 r-bcqeeo r-qvutc0\"> &#8216;Ya tenemos un pre acuerdo y se ver\u00eda aprobado. Hay casi 200 docentes inscriptos para dictar la materia. El objetivo ser\u00eda para el \u00faltimo a\u00f1o y cuatrimestral.Con esto tendr\u00eda el te\u00f3rico aprobado&#8217;<\/span><\/h5>\n<\/blockquote>\n<p><img loading=\"lazy\" decoding=\"async\" class=\"size-medium wp-image-323 alignright\" src=\"http:\/\/apsv.chubut.gov.ar\/wp-content\/uploads\/2021\/03\/eduVialEsc-300x178.jpg\" alt=\"\" width=\"300\" height=\"178\" srcset=\"http:\/\/apsv.chubut.gov.ar\/wp-content\/uploads\/2021\/03\/eduVialEsc-300x178.jpg 300w, http:\/\/apsv.chubut.gov.ar\/wp-content\/uploads\/2021\/03\/eduVialEsc-101x60.jpg 101w, http:\/\/apsv.chubut.gov.ar\/wp-content\/uploads\/2021\/03\/eduVialEsc.jpg 696w\" sizes=\"auto, (max-width: 300px) 100vw, 300px\" \/>El subsecretario de Seguridad Vial, Leonardo Das Neves, mantuvo una reuni\u00f3n con el director del Centro de Formaci\u00f3n y Capacitaci\u00f3n de la Agencia Nacional de Seguridad Vial, Sebasti\u00e1n Kelman, con quien trat\u00f3 los avances de la educaci\u00f3n vial en las escuelas secundarias, que est\u00e1 en la agenda del Consejo Federal de Educaci\u00f3n para su aprobaci\u00f3n.<\/p>\n<p>El proyecto es uno de los ejes que viene impulsando el Ministerio de Seguridad del Chubut para que se instale en la Provincia, ya que al d\u00eda de hoy, alrededor de 200 docentes se encuentran inscriptos para capacitaciones en dicha materia.<\/p>\n<p>En este sentido, cabe resaltar el trabajo que viene realizando el Ministerio de Educaci\u00f3n de la Naci\u00f3n junto a la Agencia Nacional de Seguridad Vial dependiente del Ministerio de Transporte de la Naci\u00f3n.\u00a0 Para que esto se concrete, a partir de estos avances\u00a0 van a comenzar las reuniones interministeriales entre los ministerios de Educaci\u00f3n y de Seguridad del Chubut.<\/p>\n<p><strong>Accidentolog\u00eda Vial<\/strong><\/p>\n<p>En otro orden, Leonardo Das Neves\u00a0 mantuvo una reuni\u00f3n con el director Nacional del Observatorio Vial, Pablo Rojas, con quien trat\u00f3 temas inherentes a la accidentologia Vial de la provincia y los resultados del alcance que tuvo el marco de la Alcoholemia Federal.<\/p>\n<p>Adem\u00e1s se avanz\u00f3 en las capacitaciones que se est\u00e1n planificando para el personal del \u00c1rea de Polic\u00eda Cient\u00edfica del Chubut,\u00a0para implementar las modificaciones del Sistema SIGISVI, el cual consta en la carga de datos de los siniestros viales en nuestra provincia.<\/p>\n","protected":false},"excerpt":{"rendered":"<p>Chubut busca fomentar la educaci\u00f3n vial en escuelas secundarias El Subsercretario de Seguridad Vial, Leonardo Das Neves avanza en el plan de Educaci\u00f3n Vial en escuelas secundarias. &#8216;Ya tenemos un pre acuerdo y se ver\u00eda aprobado. Hay casi 200 docentes inscriptos para dictar la materia. El objetivo ser\u00eda para el \u00faltimo a\u00f1o y cuatrimestral.Con esto &hellip; <\/p>\n","protected":false},"author":2,"featured_media":321,"comment_status":"closed","ping_status":"open","sticky":false,"template":"","format":"standard","meta":{"footnotes":""},"categories":[7,3,4],"tags":[],"class_list":["post-320","post","type-post","status-publish","format-standard","has-post-thumbnail","hentry","category-capacitacion","category-escuela","category-prevencion"],"_links":{"self":[{"href":"http:\/\/apsv.chubut.gov.ar\/index.php?rest_route=\/wp\/v2\/posts\/320","targetHints":{"allow":["GET"]}}],"collection":[{"href":"http:\/\/apsv.chubut.gov.ar\/index.php?rest_route=\/wp\/v2\/posts"}],"about":[{"href":"http:\/\/apsv.chubut.gov.ar\/index.php?rest_route=\/wp\/v2\/types\/post"}],"author":[{"embeddable":true,"href":"http:\/\/apsv.chubut.gov.ar\/index.php?rest_route=\/wp\/v2\/users\/2"}],"replies":[{"embeddable":true,"href":"http:\/\/apsv.chubut.gov.ar\/index.php?rest_route=%2Fwp%2Fv2%2Fcomments&post=320"}],"version-history":[{"count":3,"href":"http:\/\/apsv.chubut.gov.ar\/index.php?rest_route=\/wp\/v2\/posts\/320\/revisions"}],"predecessor-version":[{"id":326,"href":"http:\/\/apsv.chubut.gov.ar\/index.php?rest_route=\/wp\/v2\/posts\/320\/revisions\/326"}],"wp:featuredmedia":[{"embeddable":true,"href":"http:\/\/apsv.chubut.gov.ar\/index.php?rest_route=\/wp\/v2\/media\/321"}],"wp:attachment":[{"href":"http:\/\/apsv.chubut.gov.ar\/index.php?rest_route=%2Fwp%2Fv2%2Fmedia&parent=320"}],"wp:term":[{"taxonomy":"category","embeddable":true,"href":"http:\/\/apsv.chubut.gov.ar\/index.php?rest_route=%2Fwp%2Fv2%2Fcategories&post=320"},{"taxonomy":"post_tag","embeddable":true,"href":"http:\/\/apsv.chubut.gov.ar\/index.php?rest_route=%2Fwp%2Fv2%2Ftags&post=320"}],"curies":[{"name":"wp","href":"https:\/\/api.w.org\/{rel}","templated":true}]}}